{"id":2114,"date":"2010-09-22T17:44:00","date_gmt":"2010-09-22T15:44:00","guid":{"rendered":"http:\/\/bfgf.de\/?p=2114"},"modified":"2024-09-27T16:53:43","modified_gmt":"2024-09-27T14:53:43","slug":"architekturbiennale-sao-paulo","status":"publish","type":"post","link":"https:\/\/bfgf.de\/en\/architekturbiennale-sao-paulo\/","title":{"rendered":"ARCHITECTURE BIENNIAL S\u00c3O PAULO"},"content":{"rendered":"<div data-elementor-type=\"wp-post\" data-elementor-id=\"2114\" class=\"elementor elementor-2114\" data-elementor-post-type=\"post\">\n\t\t\t\t<div class=\"elementor-element elementor-element-7d74611a e-flex e-con-boxed e-con e-parent\" data-id=\"7d74611a\" data-element_type=\"container\" data-e-type=\"container\" data-settings=\"{&quot;background_background&quot;:&quot;classic&quot;}\">\n\t\t\t\t\t<div class=\"e-con-inner\">\n\t\t\t\t<div class=\"elementor-element elementor-element-44d088b8 elementor-widget elementor-widget-heading\" data-id=\"44d088b8\" data-element_type=\"widget\" data-e-type=\"widget\" data-widget_type=\"heading.default\">\n\t\t\t\t<div class=\"elementor-widget-container\">\n\t\t\t\t\t<h1 class=\"elementor-heading-title elementor-size-default\">ARCHITECTURE BIENNIAL S\u00c3O PAULO<\/h1>\t\t\t\t<\/div>\n\t\t\t\t<\/div>\n\t\t\t\t<div class=\"elementor-element elementor-element-24d17ca3 elementor-widget elementor-widget-heading\" data-id=\"24d17ca3\" data-element_type=\"widget\" data-e-type=\"widget\" data-widget_type=\"heading.default\">\n\t\t\t\t<div class=\"elementor-widget-container\">\n\t\t\t\t\t<h2 class=\"elementor-heading-title elementor-size-default\">Exhibition design<\/h2>\t\t\t\t<\/div>\n\t\t\t\t<\/div>\n\t\t\t\t<div class=\"elementor-element elementor-element-8cdd8ee elementor-widget elementor-widget-text-editor\" data-id=\"8cdd8ee\" data-element_type=\"widget\" data-e-type=\"widget\" data-widget_type=\"text-editor.default\">\n\t\t\t\t<div class=\"elementor-widget-container\">\n\t\t\t\t\t\t\t\t\t<p>In 2009, IBA-Hamburg took on the role of General Commissioner for the German contribution to the International Architecture Biennial in Sao Paulo, Brazil. The design of the exhibition architecture was entrusted to BFGF. The contribution entitled \"Cidade para todos\" was curated by the IBA Hamburg and designed by BFGF. It shows 30 projects from all over Germany, each representing one of three urban visions of the future. The comprehensive concept presents impulses from Germany for the future development of the metropolis. It found expression in meaningful forms made of paper and cardboard. These multifaceted planar bodies convey a color concept that makes it easier for visitors to access the even more multifaceted content.<\/p>\t\t\t\t\t\t\t\t<\/div>\n\t\t\t\t<\/div>\n\t\t\t\t<div class=\"elementor-element elementor-element-1ed15b70 elementor-widget elementor-widget-spacer\" data-id=\"1ed15b70\" data-element_type=\"widget\" data-e-type=\"widget\" data-widget_type=\"spacer.default\">\n\t\t\t\t<div class=\"elementor-widget-container\">\n\t\t\t\t\t\t\t<div class=\"elementor-spacer\">\n\t\t\t<div class=\"elementor-spacer-inner\"><\/div>\n\t\t<\/div>\n\t\t\t\t\t\t<\/div>\n\t\t\t\t<\/div>\n\t\t\t\t<div class=\"elementor-element elementor-element-596dd696 elementor-widget elementor-widget-text-editor\" data-id=\"596dd696\" data-element_type=\"widget\" data-e-type=\"widget\" data-widget_type=\"text-editor.default\">\n\t\t\t\t<div class=\"elementor-widget-container\">\n\t\t\t\t\t\t\t\t\t<p>Photo: Olaf Tamm \/ BFGF<\/p>\t\t\t\t\t\t\t\t<\/div>\n\t\t\t\t<\/div>\n\t\t\t\t\t<\/div>\n\t\t\t\t<\/div>\n\t\t<div class=\"elementor-element elementor-element-7875c4e5 e-con-full e-flex e-con e-parent\" data-id=\"7875c4e5\" data-element_type=\"container\" data-e-type=\"container\">\n\t\t\t\t<div class=\"elementor-element elementor-element-6fd5ec72 elementor-widget elementor-widget-gallery\" data-id=\"6fd5ec72\" data-element_type=\"widget\" data-e-type=\"widget\" data-settings=\"{&quot;gap_tablet&quot;:{&quot;unit&quot;:&quot;px&quot;,&quot;size&quot;:5,&quot;sizes&quot;:[]},&quot;gap_mobile&quot;:{&quot;unit&quot;:&quot;px&quot;,&quot;size&quot;:5,&quot;sizes&quot;:[]},&quot;columns&quot;:3,&quot;gap&quot;:{&quot;unit&quot;:&quot;px&quot;,&quot;size&quot;:5,&quot;sizes&quot;:[]},&quot;lazyload&quot;:&quot;yes&quot;,&quot;gallery_layout&quot;:&quot;grid&quot;,&quot;columns_tablet&quot;:2,&quot;columns_mobile&quot;:1,&quot;link_to&quot;:&quot;file&quot;,&quot;aspect_ratio&quot;:&quot;3:2&quot;,&quot;overlay_background&quot;:&quot;yes&quot;,&quot;content_hover_animation&quot;:&quot;fade-in&quot;}\" data-widget_type=\"gallery.default\">\n\t\t\t\t<div class=\"elementor-widget-container\">\n\t\t\t\t\t\t\t<div class=\"elementor-gallery__container\">\n\t\t\t\t\t\t\t<a class=\"e-gallery-item elementor-gallery-item elementor-animated-content\" href=\"https:\/\/bfgf.de\/wp-content\/uploads\/2023\/09\/BFGF_Sao-Paulo_293_5.jpg\" data-elementor-open-lightbox=\"yes\" data-elementor-lightbox-slideshow=\"6fd5ec72\" data-elementor-lightbox-title=\"BFGF_Sao-Paulo_293_5\" data-e-action-hash=\"#elementor-action%3Aaction%3Dlightbox%26settings%3DeyJpZCI6MjExOSwidXJsIjoiaHR0cHM6XC9cL2JmZ2YuZGVcL3dwLWNvbnRlbnRcL3VwbG9hZHNcLzIwMjNcLzA5XC9CRkdGX1Nhby1QYXVsb18yOTNfNS5qcGciLCJzbGlkZXNob3ciOiI2ZmQ1ZWM3MiJ9\">\n\t\t\t\t\t<div class=\"e-gallery-image elementor-gallery-item__image\" data-thumbnail=\"https:\/\/bfgf.de\/wp-content\/uploads\/2023\/09\/BFGF_Sao-Paulo_293_5.jpg\" data-width=\"800\" data-height=\"532\" aria-label=\"\" role=\"img\" ><\/div>\n\t\t\t\t\t\t\t\t\t\t\t<div class=\"elementor-gallery-item__overlay\"><\/div>\n\t\t\t\t\t\t\t\t\t\t\t\t\t\t<\/a>\n\t\t\t\t\t\t\t<a class=\"e-gallery-item elementor-gallery-item elementor-animated-content\" href=\"https:\/\/bfgf.de\/wp-content\/uploads\/2023\/09\/BFGF_Sao-Paulo_293_1.jpg\" data-elementor-open-lightbox=\"yes\" data-elementor-lightbox-slideshow=\"6fd5ec72\" data-elementor-lightbox-title=\"BFGF_Sao-Paulo_293_1\" data-e-action-hash=\"#elementor-action%3Aaction%3Dlightbox%26settings%3DeyJpZCI6MjExOCwidXJsIjoiaHR0cHM6XC9cL2JmZ2YuZGVcL3dwLWNvbnRlbnRcL3VwbG9hZHNcLzIwMjNcLzA5XC9CRkdGX1Nhby1QYXVsb18yOTNfMS5qcGciLCJzbGlkZXNob3ciOiI2ZmQ1ZWM3MiJ9\">\n\t\t\t\t\t<div class=\"e-gallery-image elementor-gallery-item__image\" data-thumbnail=\"https:\/\/bfgf.de\/wp-content\/uploads\/2023\/09\/BFGF_Sao-Paulo_293_1.jpg\" data-width=\"800\" data-height=\"533\" aria-label=\"\" role=\"img\" ><\/div>\n\t\t\t\t\t\t\t\t\t\t\t<div class=\"elementor-gallery-item__overlay\"><\/div>\n\t\t\t\t\t\t\t\t\t\t\t\t\t\t<\/a>\n\t\t\t\t\t\t\t<a class=\"e-gallery-item elementor-gallery-item elementor-animated-content\" href=\"https:\/\/bfgf.de\/wp-content\/uploads\/2023\/09\/BFGF_Sao-Paulo_293_2.jpg\" data-elementor-open-lightbox=\"yes\" data-elementor-lightbox-slideshow=\"6fd5ec72\" data-elementor-lightbox-title=\"BFGF_Sao-Paulo_293_2\" data-e-action-hash=\"#elementor-action%3Aaction%3Dlightbox%26settings%3DeyJpZCI6MjExNywidXJsIjoiaHR0cHM6XC9cL2JmZ2YuZGVcL3dwLWNvbnRlbnRcL3VwbG9hZHNcLzIwMjNcLzA5XC9CRkdGX1Nhby1QYXVsb18yOTNfMi5qcGciLCJzbGlkZXNob3ciOiI2ZmQ1ZWM3MiJ9\">\n\t\t\t\t\t<div class=\"e-gallery-image elementor-gallery-item__image\" data-thumbnail=\"https:\/\/bfgf.de\/wp-content\/uploads\/2023\/09\/BFGF_Sao-Paulo_293_2.jpg\" data-width=\"800\" data-height=\"532\" aria-label=\"\" role=\"img\" ><\/div>\n\t\t\t\t\t\t\t\t\t\t\t<div class=\"elementor-gallery-item__overlay\"><\/div>\n\t\t\t\t\t\t\t\t\t\t\t\t\t\t<\/a>\n\t\t\t\t\t\t\t<a class=\"e-gallery-item elementor-gallery-item elementor-animated-content\" href=\"https:\/\/bfgf.de\/wp-content\/uploads\/2023\/09\/BFGF_Sao-Paulo_293_4.jpg\" data-elementor-open-lightbox=\"yes\" data-elementor-lightbox-slideshow=\"6fd5ec72\" data-elementor-lightbox-title=\"BFGF_Sao-Paulo_293_4\" data-e-action-hash=\"#elementor-action%3Aaction%3Dlightbox%26settings%3DeyJpZCI6MjExNiwidXJsIjoiaHR0cHM6XC9cL2JmZ2YuZGVcL3dwLWNvbnRlbnRcL3VwbG9hZHNcLzIwMjNcLzA5XC9CRkdGX1Nhby1QYXVsb18yOTNfNC5qcGciLCJzbGlkZXNob3ciOiI2ZmQ1ZWM3MiJ9\">\n\t\t\t\t\t<div class=\"e-gallery-image elementor-gallery-item__image\" data-thumbnail=\"https:\/\/bfgf.de\/wp-content\/uploads\/2023\/09\/BFGF_Sao-Paulo_293_4.jpg\" data-width=\"800\" data-height=\"532\" aria-label=\"\" role=\"img\" ><\/div>\n\t\t\t\t\t\t\t\t\t\t\t<div class=\"elementor-gallery-item__overlay\"><\/div>\n\t\t\t\t\t\t\t\t\t\t\t\t\t\t<\/a>\n\t\t\t\t\t\t\t<a class=\"e-gallery-item elementor-gallery-item elementor-animated-content\" href=\"https:\/\/bfgf.de\/wp-content\/uploads\/2023\/09\/BFGF_Sao-Paulo_293_3.jpg\" data-elementor-open-lightbox=\"yes\" data-elementor-lightbox-slideshow=\"6fd5ec72\" data-elementor-lightbox-title=\"BFGF_Sao-Paulo_293_3\" data-e-action-hash=\"#elementor-action%3Aaction%3Dlightbox%26settings%3DeyJpZCI6MjExNSwidXJsIjoiaHR0cHM6XC9cL2JmZ2YuZGVcL3dwLWNvbnRlbnRcL3VwbG9hZHNcLzIwMjNcLzA5XC9CRkdGX1Nhby1QYXVsb18yOTNfMy5qcGciLCJzbGlkZXNob3ciOiI2ZmQ1ZWM3MiJ9\">\n\t\t\t\t\t<div class=\"e-gallery-image elementor-gallery-item__image\" data-thumbnail=\"https:\/\/bfgf.de\/wp-content\/uploads\/2023\/09\/BFGF_Sao-Paulo_293_3.jpg\" data-width=\"800\" data-height=\"532\" aria-label=\"\" role=\"img\" ><\/div>\n\t\t\t\t\t\t\t\t\t\t\t<div class=\"elementor-gallery-item__overlay\"><\/div>\n\t\t\t\t\t\t\t\t\t\t\t\t\t\t<\/a>\n\t\t\t\t\t<\/div>\n\t\t\t\t\t<\/div>\n\t\t\t\t<\/div>\n\t\t\t\t<\/div>\n\t\t<div class=\"elementor-element elementor-element-cddf98c e-flex e-con-boxed e-con e-parent\" data-id=\"cddf98c\" data-element_type=\"container\" data-e-type=\"container\">\n\t\t\t\t\t<div class=\"e-con-inner\">\n\t\t\t\t\t<\/div>\n\t\t\t\t<\/div>\n\t\t\t\t<\/div>","protected":false},"excerpt":{"rendered":"<p>ARCHITEKTURBIENNALE S\u00c3O PAULO Ausstellungsdesign 2009 Jahr \u00fcbernahm die IBA-Hamburg die Rolle die Rolle der Gerneralkommissarin f\u00fcr den deutschen Beitrag auf der Internationalen Architekturbiennale in Sao Paulo, Brasilien. Die Gestaltung der Ausstellungsarchitektur wurde BFGF anvertraut. Der Beitrag mit dem Titel \u201eCidade para todos\u201c wurde von der IBA Hamburg kuratiert und von BFGF gestaltet. Er zeigt 30 [&hellip;]<\/p>","protected":false},"author":1,"featured_media":2119,"comment_status":"closed","ping_status":"open","sticky":false,"template":"","format":"standard","meta":{"footnotes":""},"categories":[43],"tags":[62],"class_list":["post-2114","post","type-post","status-publish","format-standard","has-post-thumbnail","hentry","category-portfolio","tag-ausstellungsdesign"],"_links":{"self":[{"href":"https:\/\/bfgf.de\/en\/wp-json\/wp\/v2\/posts\/2114","targetHints":{"allow":["GET"]}}],"collection":[{"href":"https:\/\/bfgf.de\/en\/wp-json\/wp\/v2\/posts"}],"about":[{"href":"https:\/\/bfgf.de\/en\/wp-json\/wp\/v2\/types\/post"}],"author":[{"embeddable":true,"href":"https:\/\/bfgf.de\/en\/wp-json\/wp\/v2\/users\/1"}],"replies":[{"embeddable":true,"href":"https:\/\/bfgf.de\/en\/wp-json\/wp\/v2\/comments?post=2114"}],"version-history":[{"count":13,"href":"https:\/\/bfgf.de\/en\/wp-json\/wp\/v2\/posts\/2114\/revisions"}],"predecessor-version":[{"id":3712,"href":"https:\/\/bfgf.de\/en\/wp-json\/wp\/v2\/posts\/2114\/revisions\/3712"}],"wp:featuredmedia":[{"embeddable":true,"href":"https:\/\/bfgf.de\/en\/wp-json\/wp\/v2\/media\/2119"}],"wp:attachment":[{"href":"https:\/\/bfgf.de\/en\/wp-json\/wp\/v2\/media?parent=2114"}],"wp:term":[{"taxonomy":"category","embeddable":true,"href":"https:\/\/bfgf.de\/en\/wp-json\/wp\/v2\/categories?post=2114"},{"taxonomy":"post_tag","embeddable":true,"href":"https:\/\/bfgf.de\/en\/wp-json\/wp\/v2\/tags?post=2114"}],"curies":[{"name":"wp","href":"https:\/\/api.w.org\/{rel}","templated":true}]}}